{"id":4567,"date":"2025-09-22T08:47:47","date_gmt":"2025-09-22T06:47:47","guid":{"rendered":"https:\/\/enteka.fr\/?p=4567"},"modified":"2025-09-23T10:52:03","modified_gmt":"2025-09-23T08:52:03","slug":"colloque-apaiser-sc-2026","status":"publish","type":"post","link":"https:\/\/enteka.fr\/index.php\/2025\/09\/22\/colloque-apaiser-sc-2026\/","title":{"rendered":"Colloque Apaiser S&amp;C 2026"},"content":{"rendered":"\n<p>Apaiser S&amp;C, association reconnue d&rsquo;int\u00e9r\u00eat g\u00e9n\u00e9ral et agr\u00e9\u00e9e\u00a0au niveau national par le minist\u00e8re de la Sant\u00e9 \u00e0 repr\u00e9senter les usagers dans les instances hospitali\u00e8res, est l&rsquo;association repr\u00e9sentative des patients atteints de malformation de Chiari et de Syringomy\u00e9lie, deux maladies neurologiques rares. Elle organise chaque ann\u00e9e un colloque ouvert \u00e0 tous, qui comprend 3 demi-journ\u00e9es respectivement consacr\u00e9es :<\/p>\n\n\n\n<ul class=\"wp-block-list\">\n<li>\u00e0 l&rsquo;information sur l&rsquo;actualit\u00e9 de la recherche et de la pratique m\u00e9dicale, <\/li>\n\n\n\n<li>aux actions de l&rsquo;association et aux t\u00e9moignages de patients<\/li>\n\n\n\n<li>\u00e0 des ateliers pratiques et conviviaux (danse, art-th\u00e9rapie&#8230;)<\/li>\n<\/ul>\n\n\n\n<p>Comme en 2025, Apaiser S&amp;C a demand\u00e9 \u00e0 Enteka de prendre en charge l&rsquo;animation de la deuxi\u00e8me demi-journ\u00e9e, en organisant une formation sur \u00ab\u00a0l&rsquo;\u00e9cosyst\u00e8me des maladies rares\u00a0\u00bb. <\/p>\n\n\n\n<p>Que signifie le terme de \u00ab\u00a0maladie rare\u00a0\u00bb et que ne signifie-t-il pas ? Comment cet objet s\u00e9mantique s&rsquo;est-il impos\u00e9 dans le d\u00e9bat public ? Comment est-il pris en compte depuis vingt ans dans la l\u00e9gislation fran\u00e7aise ? Quels sont les diff\u00e9rents acteurs impliqu\u00e9s dans la recherche et la prise en charge m\u00e9dicale ? Et quel est le r\u00f4le de chacun ? <\/p>\n\n\n\n<p>Cette formation fera le point sur l&rsquo;histoire du combat collectif pour la reconnaissance des maladies rares et donnera des cl\u00e9s tr\u00e8s concr\u00e8tes pour mieux comprendre cet \u00e9cosyst\u00e8me et le r\u00f4le que les patients peuvent y jouer au travers des associations repr\u00e9sentatives.<\/p>\n\n\n\n<p><\/p>\n","protected":false},"excerpt":{"rendered":"<p>Pour la deuxi\u00e8me ann\u00e9e cons\u00e9cutive, Enteka se voit confier l&rsquo;animation du colloque annuel de l&rsquo;association Apaiser S&#038;C. Celui-ci se tiendra pour la premi\u00e8re fois en r\u00e9gions, \u00e0 Lyon, les 21 et 22 mars prochains.<\/p>\n","protected":false},"author":1,"featured_media":4569,"comment_status":"open","ping_status":"open","sticky":false,"template":"","format":"standard","meta":{"ocean_post_layout":"","ocean_both_sidebars_style":"","ocean_both_sidebars_content_width":0,"ocean_both_sidebars_sidebars_width":0,"ocean_sidebar":"","ocean_second_sidebar":"","ocean_disable_margins":"enable","ocean_add_body_class":"","ocean_shortcode_before_top_bar":"","ocean_shortcode_after_top_bar":"","ocean_shortcode_before_header":"","ocean_shortcode_after_header":"","ocean_has_shortcode":"","ocean_shortcode_after_title":"","ocean_shortcode_before_footer_widgets":"","ocean_shortcode_after_footer_widgets":"","ocean_shortcode_before_footer_bottom":"","ocean_shortcode_after_footer_bottom":"","ocean_display_top_bar":"default","ocean_display_header":"default","ocean_header_style":"","ocean_center_header_left_menu":"","ocean_custom_header_template":"","ocean_custom_logo":0,"ocean_custom_retina_logo":0,"ocean_custom_logo_max_width":0,"ocean_custom_logo_tablet_max_width":0,"ocean_custom_logo_mobile_max_width":0,"ocean_custom_logo_max_height":0,"ocean_custom_logo_tablet_max_height":0,"ocean_custom_logo_mobile_max_height":0,"ocean_header_custom_menu":"","ocean_menu_typo_font_family":"","ocean_menu_typo_font_subset":"","ocean_menu_typo_font_size":0,"ocean_menu_typo_font_size_tablet":0,"ocean_menu_typo_font_size_mobile":0,"ocean_menu_typo_font_size_unit":"px","ocean_menu_typo_font_weight":"","ocean_menu_typo_font_weight_tablet":"","ocean_menu_typo_font_weight_mobile":"","ocean_menu_typo_transform":"","ocean_menu_typo_transform_tablet":"","ocean_menu_typo_transform_mobile":"","ocean_menu_typo_line_height":0,"ocean_menu_typo_line_height_tablet":0,"ocean_menu_typo_line_height_mobile":0,"ocean_menu_typo_line_height_unit":"","ocean_menu_typo_spacing":0,"ocean_menu_typo_spacing_tablet":0,"ocean_menu_typo_spacing_mobile":0,"ocean_menu_typo_spacing_unit":"","ocean_menu_link_color":"","ocean_menu_link_color_hover":"","ocean_menu_link_color_active":"","ocean_menu_link_background":"","ocean_menu_link_hover_background":"","ocean_menu_link_active_background":"","ocean_menu_social_links_bg":"","ocean_menu_social_hover_links_bg":"","ocean_menu_social_links_color":"","ocean_menu_social_hover_links_color":"","ocean_disable_title":"default","ocean_disable_heading":"default","ocean_post_title":"","ocean_post_subheading":"","ocean_post_title_style":"","ocean_post_title_background_color":"","ocean_post_title_background":0,"ocean_post_title_bg_image_position":"","ocean_post_title_bg_image_attachment":"","ocean_post_title_bg_image_repeat":"","ocean_post_title_bg_image_size":"","ocean_post_title_height":0,"ocean_post_title_bg_overlay":0.5,"ocean_post_title_bg_overlay_color":"","ocean_disable_breadcrumbs":"default","ocean_breadcrumbs_color":"","ocean_breadcrumbs_separator_color":"","ocean_breadcrumbs_links_color":"","ocean_breadcrumbs_links_hover_color":"","ocean_display_footer_widgets":"default","ocean_display_footer_bottom":"default","ocean_custom_footer_template":"","ocean_post_oembed":"","ocean_post_self_hosted_media":"","ocean_post_video_embed":"","ocean_link_format":"","ocean_link_format_target":"self","ocean_quote_format":"","ocean_quote_format_link":"post","ocean_gallery_link_images":"on","ocean_gallery_id":[],"footnotes":""},"categories":[31],"tags":[],"class_list":["post-4567","post","type-post","status-publish","format-standard","has-post-thumbnail","hentry","category-new-biz","entry","has-media"],"rttpg_featured_image_url":{"full":["https:\/\/enteka.fr\/wp-content\/uploads\/2025\/09\/colloque25actu.jpg",800,423,false],"landscape":["https:\/\/enteka.fr\/wp-content\/uploads\/2025\/09\/colloque25actu.jpg",800,423,false],"portraits":["https:\/\/enteka.fr\/wp-content\/uploads\/2025\/09\/colloque25actu.jpg",800,423,false],"thumbnail":["https:\/\/enteka.fr\/wp-content\/uploads\/2025\/09\/colloque25actu-150x150.jpg",150,150,true],"medium":["https:\/\/enteka.fr\/wp-content\/uploads\/2025\/09\/colloque25actu-300x159.jpg",300,159,true],"large":["https:\/\/enteka.fr\/wp-content\/uploads\/2025\/09\/colloque25actu.jpg",800,423,false],"1536x1536":["https:\/\/enteka.fr\/wp-content\/uploads\/2025\/09\/colloque25actu.jpg",800,423,false],"2048x2048":["https:\/\/enteka.fr\/wp-content\/uploads\/2025\/09\/colloque25actu.jpg",800,423,false],"ocean-thumb-m":["https:\/\/enteka.fr\/wp-content\/uploads\/2025\/09\/colloque25actu-600x423.jpg",600,423,true],"ocean-thumb-ml":["https:\/\/enteka.fr\/wp-content\/uploads\/2025\/09\/colloque25actu.jpg",800,423,false],"ocean-thumb-l":["https:\/\/enteka.fr\/wp-content\/uploads\/2025\/09\/colloque25actu.jpg",800,423,false]},"rttpg_author":{"display_name":"Fr\u00e9d\u00e9ric","author_link":"https:\/\/enteka.fr\/index.php\/author\/admin2546\/"},"rttpg_comment":0,"rttpg_category":"<a href=\"https:\/\/enteka.fr\/index.php\/category\/new-biz\/\" rel=\"category tag\">New biz<\/a>","rttpg_excerpt":"Pour la deuxi\u00e8me ann\u00e9e cons\u00e9cutive, Enteka se voit confier l'animation du colloque annuel de l'association Apaiser S&C. Celui-ci se tiendra pour la premi\u00e8re fois en r\u00e9gions, \u00e0 Lyon, les 21 et 22 mars prochains.","_links":{"self":[{"href":"https:\/\/enteka.fr\/index.php\/wp-json\/wp\/v2\/posts\/4567","targetHints":{"allow":["GET"]}}],"collection":[{"href":"https:\/\/enteka.fr\/index.php\/wp-json\/wp\/v2\/posts"}],"about":[{"href":"https:\/\/enteka.fr\/index.php\/wp-json\/wp\/v2\/types\/post"}],"author":[{"embeddable":true,"href":"https:\/\/enteka.fr\/index.php\/wp-json\/wp\/v2\/users\/1"}],"replies":[{"embeddable":true,"href":"https:\/\/enteka.fr\/index.php\/wp-json\/wp\/v2\/comments?post=4567"}],"version-history":[{"count":4,"href":"https:\/\/enteka.fr\/index.php\/wp-json\/wp\/v2\/posts\/4567\/revisions"}],"predecessor-version":[{"id":4757,"href":"https:\/\/enteka.fr\/index.php\/wp-json\/wp\/v2\/posts\/4567\/revisions\/4757"}],"wp:featuredmedia":[{"embeddable":true,"href":"https:\/\/enteka.fr\/index.php\/wp-json\/wp\/v2\/media\/4569"}],"wp:attachment":[{"href":"https:\/\/enteka.fr\/index.php\/wp-json\/wp\/v2\/media?parent=4567"}],"wp:term":[{"taxonomy":"category","embeddable":true,"href":"https:\/\/enteka.fr\/index.php\/wp-json\/wp\/v2\/categories?post=4567"},{"taxonomy":"post_tag","embeddable":true,"href":"https:\/\/enteka.fr\/index.php\/wp-json\/wp\/v2\/tags?post=4567"}],"curies":[{"name":"wp","href":"https:\/\/api.w.org\/{rel}","templated":true}]}}